{"id":855,"date":"2023-08-05T15:41:13","date_gmt":"2023-08-05T13:41:13","guid":{"rendered":"https:\/\/thespezziner.com\/?p=855"},"modified":"2023-08-05T15:41:16","modified_gmt":"2023-08-05T13:41:16","slug":"the-spezziner-dalla-bifora-di-portovenere-al-palio-del-golfo","status":"publish","type":"post","link":"https:\/\/thespezziner.com\/index.php\/2023\/08\/05\/the-spezziner-dalla-bifora-di-portovenere-al-palio-del-golfo\/","title":{"rendered":"The Spezziner: dalla bifora di Portovenere al Palio del Golfo"},"content":{"rendered":"\n<p class=\"has-medium-font-size\">La talentuosa giornalista Luisa Fascinelli, direttrice del nuovo magazine d\u2019informazione online \u201cGolfo dei Poeti News&#8221;, ci introduce all\u2019ispirante storia di nascita di &#8220;The Spezziner&#8221;. <br>Attraverso questa narrazione, ci viene ricordata l&#8217;importanza fondamentale dei legami sociali, delle interazioni e della condivisione di ogni singolo momento della nostra esistenza. <br>\u00c8 un invito a tenere a mente che &#8220;The Spezziner&#8221; far\u00e0 la sua comparsa al Palio del Golfo. <br>Contribuendo con un modesto importo, avrai l&#8217;opportunit\u00e0 unica di portare a casa un&#8217;opera autografata dall&#8217;autore stesso. <br>Questa partecipazione non solo sosterr\u00e0 il progetto, ma contribuir\u00e0 anche attivamente alla sua crescita rendendoti parte integrante di questa entusiasmante avventura.<\/p>\n\n\n\n<figure class=\"wp-block-embed is-type-wp-embed is-provider-golfo-dei-poeti-news wp-block-embed-golfo-dei-poeti-news\"><div class=\"wp-block-embed__wrapper\">\nhttps:\/\/golfodeipoetinews.it\/arte-e-cultura\/the-spezziner-dalla-bifora-di-portovenere-al-palio-del-golfo\/\n<\/div><\/figure>\n","protected":false},"excerpt":{"rendered":"<p>La talentuosa giornalista Luisa Fascinelli, direttrice del nuovo magazine d\u2019informazione online \u201cGolfo dei Poeti News&#8221;, ci introduce all\u2019ispirante storia di nascita di &#8220;The Spezziner&#8221;. Attraverso questa narrazione, ci viene ricordata l&#8217;importanza fondamentale dei legami sociali, delle interazioni e della condivisione di ogni singolo momento della nostra esistenza. \u00c8 un invito a tenere a mente che [&hellip;]<\/p>\n","protected":false},"author":1,"featured_media":830,"comment_status":"open","ping_status":"open","sticky":false,"template":"","format":"standard","meta":{"jetpack_post_was_ever_published":false,"_jetpack_newsletter_access":"","_jetpack_dont_email_post_to_subs":false,"_jetpack_newsletter_tier_id":0,"_jetpack_memberships_contains_paywalled_content":false,"_jetpack_memberships_contains_paid_content":false,"footnotes":""},"categories":[5],"tags":[184,185,20],"aioseo_notices":[],"jetpack_sharing_enabled":true,"jetpack_featured_media_url":"https:\/\/thespezziner.com\/wp-content\/uploads\/2023\/07\/98-palio-del-golfo.jpeg","amp_enabled":true,"_links":{"self":[{"href":"https:\/\/thespezziner.com\/index.php\/wp-json\/wp\/v2\/posts\/855"}],"collection":[{"href":"https:\/\/thespezziner.com\/index.php\/wp-json\/wp\/v2\/posts"}],"about":[{"href":"https:\/\/thespezziner.com\/index.php\/wp-json\/wp\/v2\/types\/post"}],"author":[{"embeddable":true,"href":"https:\/\/thespezziner.com\/index.php\/wp-json\/wp\/v2\/users\/1"}],"replies":[{"embeddable":true,"href":"https:\/\/thespezziner.com\/index.php\/wp-json\/wp\/v2\/comments?post=855"}],"version-history":[{"count":1,"href":"https:\/\/thespezziner.com\/index.php\/wp-json\/wp\/v2\/posts\/855\/revisions"}],"predecessor-version":[{"id":856,"href":"https:\/\/thespezziner.com\/index.php\/wp-json\/wp\/v2\/posts\/855\/revisions\/856"}],"wp:featuredmedia":[{"embeddable":true,"href":"https:\/\/thespezziner.com\/index.php\/wp-json\/wp\/v2\/media\/830"}],"wp:attachment":[{"href":"https:\/\/thespezziner.com\/index.php\/wp-json\/wp\/v2\/media?parent=855"}],"wp:term":[{"taxonomy":"category","embeddable":true,"href":"https:\/\/thespezziner.com\/index.php\/wp-json\/wp\/v2\/categories?post=855"},{"taxonomy":"post_tag","embeddable":true,"href":"https:\/\/thespezziner.com\/index.php\/wp-json\/wp\/v2\/tags?post=855"}],"curies":[{"name":"wp","href":"https:\/\/api.w.org\/{rel}","templated":true}]}}