{"id":564,"date":"2023-04-13T16:07:15","date_gmt":"2023-04-13T14:07:15","guid":{"rendered":"https:\/\/thespezziner.com\/?p=564"},"modified":"2023-04-19T14:47:34","modified_gmt":"2023-04-19T12:47:34","slug":"numero-17-aldo-righetti","status":"publish","type":"post","link":"https:\/\/thespezziner.com\/index.php\/2023\/04\/13\/numero-17-aldo-righetti\/","title":{"rendered":"Numero 17 Aldo Righetti"},"content":{"rendered":"\n<p class=\"has-text-align-center has-medium-font-size\"><strong>L&#8217;eroe dei due mondi<\/strong><\/p>\n\n\n<div class=\"wp-block-image\">\n<figure class=\"aligncenter size-large is-resized\"><img loading=\"lazy\" decoding=\"async\" data-attachment-id=\"565\" data-permalink=\"https:\/\/thespezziner.com\/index.php\/2023\/04\/13\/numero-17-aldo-righetti\/numero_17_apr_23\/\" data-orig-file=\"https:\/\/thespezziner.com\/wp-content\/uploads\/2023\/04\/numero_17_apr_23.jpg\" data-orig-size=\"1366,2048\" data-comments-opened=\"1\" data-image-meta=\"{&quot;aperture&quot;:&quot;0&quot;,&quot;credit&quot;:&quot;&quot;,&quot;camera&quot;:&quot;&quot;,&quot;caption&quot;:&quot;&quot;,&quot;created_timestamp&quot;:&quot;0&quot;,&quot;copyright&quot;:&quot;&quot;,&quot;focal_length&quot;:&quot;0&quot;,&quot;iso&quot;:&quot;0&quot;,&quot;shutter_speed&quot;:&quot;0&quot;,&quot;title&quot;:&quot;&quot;,&quot;orientation&quot;:&quot;0&quot;}\" data-image-title=\"numero_17_apr_23\" data-image-description=\"\" data-image-caption=\"\" data-medium-file=\"https:\/\/thespezziner.com\/wp-content\/uploads\/2023\/04\/numero_17_apr_23-200x300.jpg\" data-large-file=\"https:\/\/thespezziner.com\/wp-content\/uploads\/2023\/04\/numero_17_apr_23-683x1024.jpg\" src=\"https:\/\/thespezziner.com\/wp-content\/uploads\/2023\/04\/numero_17_apr_23-683x1024.jpg\" alt=\"\" class=\"wp-image-565\" width=\"512\" height=\"768\" srcset=\"https:\/\/thespezziner.com\/wp-content\/uploads\/2023\/04\/numero_17_apr_23-683x1024.jpg 683w, https:\/\/thespezziner.com\/wp-content\/uploads\/2023\/04\/numero_17_apr_23-200x300.jpg 200w, https:\/\/thespezziner.com\/wp-content\/uploads\/2023\/04\/numero_17_apr_23-768x1151.jpg 768w, https:\/\/thespezziner.com\/wp-content\/uploads\/2023\/04\/numero_17_apr_23-1025x1536.jpg 1025w, https:\/\/thespezziner.com\/wp-content\/uploads\/2023\/04\/numero_17_apr_23-1320x1979.jpg 1320w, https:\/\/thespezziner.com\/wp-content\/uploads\/2023\/04\/numero_17_apr_23.jpg 1366w\" sizes=\"(max-width: 512px) 100vw, 512px\" \/><\/figure><\/div>\n\n\n<p class=\"has-text-align-center has-medium-font-size\">I &#8220;getti bianchi&#8221; alla base dell&#8217;eroe dei due mondi presentano il concetto dell&#8217; indifferenza nei confronti della storia. Un via vai continuo di umanit\u00e0 nell&#8217;incapacit\u00e0 di percepire la bellezza.<br>Un opera in stile pop art dove tutto \u00e8 ridotto al consumismo anche la storia, la riconoscenza e il simbolo di un citt\u00e0<br>Opera progettata e disegnata da <a href=\"https:\/\/thespezziner.com\/index.php\/team\/aldo-righetti\/\" title=\"\">Aldo Righetti<\/a><\/p>\n\n\n\n<div class=\"wp-block-buttons is-content-justification-center is-layout-flex wp-container-core-buttons-is-layout-1 wp-block-buttons-is-layout-flex\">\n<div class=\"wp-block-button\"><a class=\"wp-block-button__link wp-element-button\" href=\"https:\/\/shop.thespezziner.com\/index.php\/prodotto\/the-spezziner-numero-17-aldo-righetti\/\">Vai allo shop<\/a><\/div>\n<\/div>\n","protected":false},"excerpt":{"rendered":"<p>L&#8217;eroe dei due mondi I &#8220;getti bianchi&#8221; alla base dell&#8217;eroe dei due mondi presentano il concetto dell&#8217; indifferenza nei confronti della storia. Un via vai continuo di umanit\u00e0 nell&#8217;incapacit\u00e0 di percepire la bellezza.Un opera in stile pop art dove tutto \u00e8 ridotto al consumismo anche la storia, la riconoscenza e il simbolo di un citt\u00e0Opera [&hellip;]<\/p>\n","protected":false},"author":1,"featured_media":565,"comment_status":"closed","ping_status":"closed","sticky":false,"template":"","format":"standard","meta":{"jetpack_post_was_ever_published":false,"_jetpack_newsletter_access":"","_jetpack_dont_email_post_to_subs":false,"_jetpack_newsletter_tier_id":0,"_jetpack_memberships_contains_paywalled_content":false,"_jetpack_memberships_contains_paid_content":false,"footnotes":""},"categories":[1],"tags":[155,20],"aioseo_notices":[],"jetpack_sharing_enabled":true,"jetpack_featured_media_url":"https:\/\/thespezziner.com\/wp-content\/uploads\/2023\/04\/numero_17_apr_23.jpg","amp_enabled":true,"_links":{"self":[{"href":"https:\/\/thespezziner.com\/index.php\/wp-json\/wp\/v2\/posts\/564"}],"collection":[{"href":"https:\/\/thespezziner.com\/index.php\/wp-json\/wp\/v2\/posts"}],"about":[{"href":"https:\/\/thespezziner.com\/index.php\/wp-json\/wp\/v2\/types\/post"}],"author":[{"embeddable":true,"href":"https:\/\/thespezziner.com\/index.php\/wp-json\/wp\/v2\/users\/1"}],"replies":[{"embeddable":true,"href":"https:\/\/thespezziner.com\/index.php\/wp-json\/wp\/v2\/comments?post=564"}],"version-history":[{"count":4,"href":"https:\/\/thespezziner.com\/index.php\/wp-json\/wp\/v2\/posts\/564\/revisions"}],"predecessor-version":[{"id":581,"href":"https:\/\/thespezziner.com\/index.php\/wp-json\/wp\/v2\/posts\/564\/revisions\/581"}],"wp:featuredmedia":[{"embeddable":true,"href":"https:\/\/thespezziner.com\/index.php\/wp-json\/wp\/v2\/media\/565"}],"wp:attachment":[{"href":"https:\/\/thespezziner.com\/index.php\/wp-json\/wp\/v2\/media?parent=564"}],"wp:term":[{"taxonomy":"category","embeddable":true,"href":"https:\/\/thespezziner.com\/index.php\/wp-json\/wp\/v2\/categories?post=564"},{"taxonomy":"post_tag","embeddable":true,"href":"https:\/\/thespezziner.com\/index.php\/wp-json\/wp\/v2\/tags?post=564"}],"curies":[{"name":"wp","href":"https:\/\/api.w.org\/{rel}","templated":true}]}}